{"id":1117,"date":"2022-11-25T23:28:06","date_gmt":"2022-11-25T22:28:06","guid":{"rendered":"https:\/\/blog.cfpco.fr\/?p=1117"},"modified":"2022-11-25T23:34:13","modified_gmt":"2022-11-25T22:34:13","slug":"6-recommandations-pour-pimper-votre-examen-neurologique","status":"publish","type":"post","link":"https:\/\/blog.cfpco.fr\/index.php\/2022\/11\/25\/6-recommandations-pour-pimper-votre-examen-neurologique\/","title":{"rendered":"6 recommandations pour pimper votre examen neurologique"},"content":{"rendered":"<p>&nbsp;<\/p>\n<p>La prise en charge des douleurs li\u00e9es aux troubles nerveux fait partie du champ de comp\u00e9tence de la th\u00e9rapie manuelle, ainsi que l\u2019accompagnement et la r\u00e9cup\u00e9ration des neuropathies p\u00e9riph\u00e9riques (ce dernier \u00e9tant plus du domaine de la kin\u00e9sith\u00e9rapie).<\/p>\n<p>L\u2019examen neurologique est <strong>l\u2019outil essentiel<\/strong> dans cette prise en charge car ses int\u00e9r\u00eats sont multiples.<\/p>\n<p>Tout d\u2019abord, quand cet <strong>examen neurologique est normal<\/strong>, il permet tout d\u2019abord de <strong>rassurer un.e patient.e <\/strong>qui pourrait avoir une <strong>repr\u00e9sentation de sa douleur assez effrayante<\/strong> comme un nerf \u00ab\u00a0pinc\u00e9\u00a0\u00bb, \u00ab\u00a0bloqu\u00e9\u00a0\u00bb ou \u00ab\u00a0comprim\u00e9\u00a0\u00bb, par un disque \u00ab\u00a0\u00e9cras\u00e9, us\u00e9\u00a0\u00bb ou une colonne vert\u00e9brale \u00ab\u00a0tass\u00e9e\u00a0\u00bb.<\/p>\n<p>Ensuite il permet aussi de <strong>diagnostiquer un vrai trouble neurologique<\/strong> (my\u00e9lopathie, radiculopathie, neuropathie\u2026) et d\u2019<strong>\u00e9valuer l\u2019urgence de la situation.<\/strong><\/p>\n<p>Enfin quand le probl\u00e8me de nerf est d\u00e9j\u00e0 mis en \u00e9vidence, l\u2019examen neurologique permet le <strong>suivi de la r\u00e9cup\u00e9ration<\/strong>, si celle-ci est envisageable.<\/p>\n<p>Dans une atteinte nerveuse par compression, plusieurs <strong>ph\u00e9nom\u00e8nes physiopathologiques<\/strong> sont possiblement mis en jeu (isch\u00e9mie, \u0153d\u00e8me, neuroinflammation, d\u00e9my\u00e9linisation,\u00a0\u00a0sensibilisation centrale\u2026). Ces ph\u00e9nom\u00e8nes donnent des signes cliniques divers et vari\u00e9s de\u00a0<strong>perte de fonction<\/strong>\u00a0neurologique (hypoesth\u00e9sie, perte de force motrice, diminution de r\u00e9flexe\u2026) et de\u00a0<strong>gain de fonction<\/strong>\u00a0neurologique (m\u00e9canosensibilit\u00e9 neurale, allodynie, hyperalg\u00e9sie, fourmillement, picotement\u2026)<\/p>\n<p>Ceux-ci sont r\u00e9sum\u00e9s dans le sch\u00e9ma ci-dessous, traduit et adapt\u00e9 d\u2019<a href=\"https:\/\/www.ncbi.nlm.nih.gov\/pmc\/articles\/PMC7382548\/\" target=\"_blank\" rel=\"noreferrer noopener\">A. Schmid et al 2020\u00a0:\u00a0<\/a><\/p>\n<figure class=\"wp-block-image size-large\"><img class=\"wp-image-2457\" src=\"https:\/\/gestiondeladouleurenthrapiemanuelle.files.wordpress.com\/2022\/11\/capture-decran-2022-11-01-a-10.59.53.png?w=840\" alt=\"\" \/><\/figure>\n<p>&nbsp;<\/p>\n<p>Ce sont ces sympt\u00f4mes et signes cliniques qui nous permettent d\u2019\u00e9valuer la <strong>situation globale d\u2019une atteinte nerveuse<\/strong>.<\/p>\n<p>Deux revues de la litt\u00e9rature (<a href=\"https:\/\/www.ncbi.nlm.nih.gov\/pmc\/articles\/PMC5012065\/?report=reader\" target=\"_blank\" rel=\"noreferrer noopener\">Tawa et al 2016<\/a> et <a href=\"https:\/\/www.ncbi.nlm.nih.gov\/pmc\/articles\/PMC5324296\/\" target=\"_blank\" rel=\"noreferrer noopener\">Tawa et al 2017<\/a>), concluent que concernant le diagnostic des radiculopathies et des compressions de racines nerveuses, non seulement <strong>l\u2019imagerie n\u2019est pas un gold standard<\/strong> (ils conseillent donc de<strong> corr\u00e9ler l\u2019imagerie \u00e0 l\u2019examen neurologique<\/strong>), mais aussi que l&rsquo;examen neurologique, d\u00fb entre autre au faible nombre d\u2019\u00e9tudes de pr\u00e9cision diagnostic, \u00e0 la variabilit\u00e9 de r\u00e9alisation de l&rsquo;examen et \u00e0 la m\u00e9sentente sur l\u2019utilit\u00e9 de certains tests, <strong>ne nous permet pas d\u2019\u00e9tablir de r\u00e8gles strictes<\/strong> de r\u00e9alisation de l\u2019examen neurologique.<\/p>\n<p>C\u2019est dans cet esprit que <a href=\"https:\/\/www.jospt.org\/doi\/epdf\/10.2519\/jospt.2022.11281\" target=\"_blank\" rel=\"noreferrer noopener\">Bender, Dove et Schmid 2022<\/a>, proposent dans le JOSPT 6 d\u00e9fis \u00e0 relever concernant l\u2019\u00e9valuation et la prise en charge des neuropathies p\u00e9riph\u00e9riques, ainsi que des suggestions construites sur des principes neuroscientifiques \u00e0 jour, afin d\u2019\u00e9lever le niveau de l\u2019examen neurologique et de surmonter ces d\u00e9fis.<\/p>\n<p>Ils d\u00e9cident de concentrer leur attention essentiellement sur <strong>les signes de perte de fonction<\/strong> \u00e9tant donn\u00e9 que le gain de fonction n\u2019est pas sp\u00e9cifique aux neuropathies.<\/p>\n<p>Associ\u00e9 \u00e0 cet article ils fournissent g\u00e9n\u00e9reusement des vid\u00e9os de d\u00e9monstration qui d\u00e9taillent leurs recommandations\u00a0:\u00a0<a href=\"https:\/\/www.dropbox.com\/scl\/fo\/tw4ffvbt58nvrspwwjs9y\/h?dl=0&amp;rlkey=bu5ki5jbpf2o68vhwudja6q16\" target=\"_blank\" rel=\"noreferrer noopener\">lien<\/a><\/p>\n<p>Voici r\u00e9sum\u00e9 les 6 d\u00e9fis et recommandations propos\u00e9s par Bender, Dove et Schmid\u00a02020 :<\/p>\n<blockquote class=\"wp-block-quote\"><p><strong>D\u00e9fi 1 : Repenser l\u2019approche de l\u2019\u00e9valuation des dermatomes<\/strong><\/p>\n<p><cite>Ca fait d\u00e9j\u00e0 un bail qu&rsquo;on en parle !!!<\/cite><\/p><\/blockquote>\n<p>L\u2019examen de la sensibilit\u00e9 se r\u00e9sume souvent \u00e0 la recherche des zones classiques des dermatomes pour d\u00e9tecter l\u2019atteinte d\u2019une racine et m\u00eame si c\u2019est plus rapide, cela pr\u00e9sente plusieurs limites (<a href=\"https:\/\/gestiondeladouleurenthrapiemanuelle.wordpress.com\/2018\/02\/10\/prise-en-charge-des-neuropathies-en-5-points-grace-aux-neurosciences\/?preview=true\">dont certaines ont d\u00e9j\u00e0 \u00e9t\u00e9 discut\u00e9es pr\u00e9cedemment<\/a>)\u00a0: le chevauchement des racines ne permet pas d&rsquo;\u00eatre pr\u00e9cis, la pr\u00e9valence des neuropathies plus importantes que des radiculopathies ne justifie pas que l&rsquo;on se focalise sur ces zones uniquement.<\/p>\n<p><strong>Recommandation 1:\u00a0<\/strong><\/p>\n<ul>\n<li>Tester la sensibilit\u00e9\u00a0selon un <strong>sch\u00e9ma circonf\u00e9rentiel<\/strong> avec un coton ou pinceau en faisant deux cercles autour des bras\/jambes sup\u00e9rieurs et inf\u00e9rieurs et puis les doigts un par un (palmaire\/plantaire et dorsal) afin de couvrir la plupart des <strong>dermatomes et des territoires sensitifs <\/strong>(se r\u00e9f\u00e9rer aux vid\u00e9os pour plus de d\u00e9tails);<\/li>\n<li>Quand un changement est identifi\u00e9, <strong>pr\u00e9ciser la zone avec une approche en \u00e9toile<\/strong> (se r\u00e9f\u00e9rer aux vid\u00e9os pour plus de d\u00e9tails).<\/li>\n<\/ul>\n<blockquote class=\"wp-block-quote\"><p><strong>D\u00e9fi 2 :<\/strong> <strong>Tester toutes les fibres nerveuses (grosses et petites)<\/strong><\/p>\n<p><cite>C&rsquo;est non N\u00e9gociable !!!<\/cite><\/p><\/blockquote>\n<p>Le d\u00e9pistage neurologique se concentrent traditionnellement uniquement sur le tact \u00e9picritique, la force musculaire et les r\u00e9flexes ost\u00e9otendineux. Ces tests fournissent des informations sur les grosses fibres, mais ne donnent pas d\u2019infos sur les 80% des fibres restantes que sont les petites fibres (nociception, chaud\/froid).\u00a0\u00a0Et pourtant il existe <strong>plusieurs situations cliniques<\/strong> ou les neuropathies<strong> ne touchent que <\/strong>les <strong>petites fibres.<\/strong><\/p>\n<p><strong>Recommandation 2\u00a0:\u00a0<\/strong><\/p>\n<ul>\n<li><strong>Tester la sensibilit\u00e9 nociceptive avec un neurotip<\/strong> (ou une \u00e9pingle) de la m\u00eame mani\u00e8re qu\u2019avec le coton (circonf\u00e9rentielle)\u00a0: se r\u00e9f\u00e9rer aux vid\u00e9os pour plus de d\u00e9tails;<\/li>\n<li><strong>Tester ensuite le chaud\/froid<\/strong> (avec une pi\u00e8ce de monnaie) dans la zone anormale d\u00e9tect\u00e9e avec le neurotip\u00a0: se r\u00e9f\u00e9rer aux vid\u00e9os pour plus de d\u00e9tails;<\/li>\n<\/ul>\n<blockquote class=\"wp-block-quote\"><p><strong>D\u00e9fi 3 : La comparaison avec le c\u00f4t\u00e9 controlat\u00e9ral<\/strong><\/p>\n<p><cite>Attention aux pi\u00e8ges !!!<\/cite><\/p><\/blockquote>\n<p>Chez certain.e.s patient.e.s atteints de radiculopathie, traumatisme nerveux ou neuropathie post zost\u00e9rienne, <a href=\"https:\/\/n.neurology.org\/content\/97\/4\/e389\" target=\"_blank\" rel=\"noreferrer noopener\">les m\u00e9canismes de perte sensitive semblent s&rsquo;\u00e9tendre au c\u00f4t\u00e9 controlat\u00e9ral.\u00a0<\/a><\/p>\n<p>De nombreuses neuropathies p\u00e9riph\u00e9riques <strong>peuvent \u00eatre bilat\u00e9rales<\/strong> (par exemple, la polyneuropathie diab\u00e9tique, la st\u00e9nose spinale lombaire, le syndrome du canal carpien) et elles <strong>peuvent aussi masquer<\/strong> les d\u00e9ficits sensitifs et moteurs lors de la comparaison avec le c\u00f4t\u00e9 oppos\u00e9.<\/p>\n<p><strong>Recommandation 3\u00a0:<\/strong><br \/>\nLors de l&rsquo;interpr\u00e9tation des changements <strong>en pr\u00e9sence de d\u00e9ficits moteurs ou sensitifs bilat\u00e9raux<\/strong>, la <strong>comparaison <\/strong>controlat\u00e9rale <strong>n&rsquo;est plus utile.\u00a0<\/strong><\/p>\n<ul>\n<li>Pour les tests moteurs, l&rsquo;<strong>\u00e9valuation d&rsquo;autres groupes musculaires <\/strong>et r\u00e9flexes \u00e0 distance peut fournir des informations suppl\u00e9mentaires.\u00a0<em>Par exemple chez un.e patient.e \u00e2g\u00e9.e de plus de 60 ans pr\u00e9sentant un douleur irradiante sans d\u00e9ficit sensorimoteur mais avec une abolition bilat\u00e9rale des r\u00e9flexes achill\u00e9ens (ce qui est normale chez environ 35 % des patient.e.s de cette tranche d\u2019\u00e2ge). Tester d\u2019autre r\u00e9flexes ou essayer des man\u0153uvres de facilitation (pr\u00e9charge ou Jendrassik) pour affiner la compr\u00e9hension d\u2019une suspicion ou non d\u2019atteinte neurologique.<\/em><\/li>\n<\/ul>\n<ul>\n<li>Pour la sensibilit\u00e9, l&rsquo;<strong>\u00e9valuation d&rsquo;une zone proximale adjacente non affect\u00e9e<\/strong> (par exemple, l&rsquo;abdomen, la poitrine, le membre proximal) pourrait apporter des informations suppl\u00e9mentaires dans l\u2019interpr\u00e9tation globale.\u00a0<em>Par exemple un.e patien.e pr\u00e9sentant des douleurs et des fourmillements distaux dans les deux jambes qui pourraient \u00eatre expliqu\u00e9 par une st\u00e9nose spinale lombaire, en cas de perte de sensibilit\u00e9 bilat\u00e9rale, on peut utiliser comme zone de r\u00e9f\u00e9rence l\u2019abdomen ou la partie proximale du membre inf\u00e9rieur pour aider \u00e0 l\u2019interpr\u00e9tation.\u00a0<\/em><\/li>\n<\/ul>\n<blockquote class=\"wp-block-quote\"><p><strong>D\u00e9fi 4 :<\/strong> <strong>Les \u00e9l\u00e9ments \u00e0 prendre en compte pour tester le myotome<\/strong><\/p>\n<p><cite>La fatigabilit\u00e9 !!!<\/cite><\/p><\/blockquote>\n<p>Tout comme pour les dermatomes,<strong> il n\u2019y a pas de test musculaire de r\u00e9f\u00e9rence<\/strong> permettant de diff\u00e9rencier une atteinte de racine ou d\u2019un tronc nerveux p\u00e9riph\u00e9rique car il y existe un recouvrement des racines. D\u2019autre part chez les patient.e.s costaud.e.s ou la force est relativement pr\u00e9serv\u00e9e (M4 ou M4+), on pourrait rater une neuropathie\/radiculopathie.<\/p>\n<p><strong>Recommandation 4<\/strong><\/p>\n<p><em><strong>Afin de diff\u00e9rencier un myotome d\u2019un territoire moteur, il suffit de connaitre sa neuroanatomie <\/strong><\/em>(NDLR\u00a0\ud83d\ude09). Plus s\u00e9rieusement les auteurs donnent un exemple concret lorsque l\u2019on suspecte une racine ou un nerf (entre C8 et nerf radial qui innerve le long extenseur du I) de tester un muscle innerv\u00e9 par le nerf et non par la racine (exemple le brachioradial) et de tester un muscle innerv\u00e9 par la racine et non le nerf (exemple l\u2019abducteur du V).<\/p>\n<p>Pour ne pas rater une fatiguabilit\u00e9 (M4), pensez \u00e9valuer la fonction motrice <strong>avec un effort physique ou en utilisant des tests r\u00e9p\u00e9t\u00e9s<\/strong> et les interpr\u00e9ter dans le contexte des autres r\u00e9sultats.<\/p>\n<blockquote class=\"wp-block-quote\"><p><strong>D\u00e9fi 5 : Interpr\u00e9ter les r\u00e9sultats des r\u00e9flexes<\/strong><\/p>\n<p><cite>Prendre du recul !!!<\/cite><\/p><\/blockquote>\n<p>Deux informations importantes \u00e0 propos des r\u00e9flexes :<\/p>\n<ul>\n<li><strong>Il n\u2019existe pas de couverture compl\u00e8te des niveaux segmentaires<\/strong> par les r\u00e9flexes;<\/li>\n<li>Ils ne fournissent <strong>pas d\u2019informations pr\u00e9cises sur le niveau touch\u00e9<\/strong> (environ 30% des patient.e.s pr\u00e9sentant une radiculopathie L5 ont un r\u00e9flexe patellaire r\u00e9duit).<\/li>\n<\/ul>\n<p><strong>Recommandation 5<\/strong><br \/>\nM\u00eame si les peuvent donc fournir des informations objectives importantes, il est\u00a0<strong>important d&rsquo;interpr\u00e9ter les r\u00e9sultats dans le contexte d&rsquo;un examen neurologique complet<\/strong>\u00a0et d&rsquo;un cadre de raisonnement clinique solide.<\/p>\n<blockquote class=\"wp-block-quote\"><p><strong>D\u00e9fi 6 : Celui du suivi&#8230; <\/strong><\/p>\n<p><cite><strong>Quantifier, Quantifier, QUANTIFIER !!!<\/strong><\/cite><\/p><\/blockquote>\n<p>Tout comme l\u2019on prend des <strong>marqueurs <\/strong>et que l\u2019on <strong>quantifie <\/strong>la <strong>douleur<\/strong> ou bien les <strong>amplitudes <\/strong>pour mesurer les progr\u00e8s ou la d\u00e9t\u00e9rioration dans le champ musculo-squelettique, nous devrions en faire de m\u00eame pour le syst\u00e8me nerveux p\u00e9riph\u00e9rique. Cela pourrait nous permettre de <strong>motiver\/rassurer <\/strong>un patient quand cela s\u2019am\u00e9liore (car la r\u00e9g\u00e9n\u00e9ration nerveuse prend du temps) ou de le <strong>r\u00e9orienter<\/strong> si cela stagne ou si cela se d\u00e9t\u00e9riore.<br \/>\n<strong>Recommandation 6<\/strong><br \/>\n+ Il existe des <strong>solutions pratiques<\/strong> et peu on\u00e9reuses pour aider les cliniciens \u00e0 quantifier l&rsquo;\u00e9tendue des d\u00e9ficits sensitifs (monofilaments, Diapason Rydel Seiffer, neuropen&#8230;) :<\/p>\n<figure class=\"wp-block-image aligncenter size-large\"><img class=\"wp-image-2463\" src=\"https:\/\/gestiondeladouleurenthrapiemanuelle.files.wordpress.com\/2022\/11\/image.png?w=1024\" alt=\"\" \/><\/figure>\n<p>+ <strong>Cartographier <\/strong>la zone de perte sensitive;<\/p>\n<p>+ Pour la <strong>motricit\u00e9<\/strong> utiliser l\u2019\u00e9chelle l&rsquo;<strong>\u00e9chelle \u00e0 5 points<\/strong> du British Medical Research Council ou un dynamom\u00e8tre;<\/p>\n<figure class=\"wp-block-image aligncenter size-large\"><img class=\"wp-image-2495\" src=\"https:\/\/gestiondeladouleurenthrapiemanuelle.files.wordpress.com\/2022\/11\/capture-decran-2022-11-02-a-10.35.24.png?w=754\" alt=\"\" \/><\/figure>\n<p>+ Pour le <strong>test des r\u00e9flexes <\/strong>m\u00eame si la validit\u00e9 et la fiabilit\u00e9 des \u00e9chelles est inconnue chez les patient.e.s atteint.e.s de neuropathies, l\u2019\u00e9chelle <strong>Normal-Aboli-R\u00e9duit-Hyper <\/strong>peut \u00eatre utilis\u00e9e pour quantifier.<\/p>\n<p><strong><em>En conclusion:\u00a0<\/em><\/strong><\/p>\n<p>Ces recommandations sont du pain b\u00e9ni pour am\u00e9liorer notre approche des neuropathies. Elles proposent une m\u00e9thode simple pour \u00e9valuer et quantifier les donn\u00e9es pour pouvoir les interpr\u00e9ter dans un cadre d&rsquo;un raisonnement clinique coh\u00e9rent et solide. J&rsquo;ai assist\u00e9 \u00e0 un s\u00e9minaire d&rsquo;A. Schmid en 2018 et depuis ma compr\u00e9hension clinique s&rsquo;est vraiment affin\u00e9e ainsi que ma prise en charge.<\/p>\n<p>Si vous avez d\u00e9j\u00e0 assist\u00e9 \u00e0 un s\u00e9minaire organis\u00e9 avec Ana\u00efs Rot, Bryan Littr\u00e9 et\/ou moi-m\u00eame, vous savez d\u00e9j\u00e0 que nous pratiquons cette \u00e9valuation mais que nous y ajoutons aussi un \u00e9l\u00e9ment en plus dans ce bilan.<\/p>\n<p>Pour ceux qui ne nous ont pas encore rencontr\u00e9, nous vous proposons donc un septi\u00e8me d\u00e9fi avec une suggestion\/recommandation non r\u00e9f\u00e9renc\u00e9 pour l\u2019instant\u00a0\ud83d\ude09\u00a0:<\/p>\n<blockquote class=\"wp-block-quote\"><p><strong>D\u00e9fi Bonus : Le bilan en charge<\/strong><\/p>\n<p><cite>Un v\u00e9ritable \u00ab\u00a0game changer\u00a0\u00bb !!!<\/cite><\/p><\/blockquote>\n<p>Il existe aujourd\u2019hui dans la litt\u00e9rature des preuves que certain.e.s patient.e.s pr\u00e9sentant des imageries standards normales avec des sympt\u00f4mes positionnels (perte de fonction, douleur). On arrive chez eux.elles \u00e0 corr\u00e9ler la pathoanatomie aux sympt\u00f4mes uniquement quand on leur fait des imageries dynamiques en charge.<\/p>\n<p><strong>Proposition bonus\u00a0:<\/strong><\/p>\n<ul>\n<li>Faites votre examen clinique <strong>en charge dans la position des sympt\u00f4mes<\/strong><\/li>\n<li>Modifiez la position de charge et comparez\u00a0:\u00a0<em>exemple d&rsquo;un.e patient.e qui pr\u00e9sente des douleurs irradiantes dans le membre inf\u00e9rieur associ\u00e9es \u00e0 des engourdissements en position allong\u00e9e ou debout, chez qui vous retrouvez une perte de sensibilit\u00e9 et de force que vous quantifiez en position debout. Refaite le bilan neurologique en flexion assis et requantifiez\u00a0\u00a0la force et la sensibilit\u00e9, si elle est am\u00e9lior\u00e9e cela vous indique que l\u2019isch\u00e9mie n\u2019est que transitoire et cela vous donne un d\u00e9but de solution.<\/em><\/li>\n<\/ul>\n<p>Si vous souhaitez venir vous amusez avec nous sur la prise en charge des douleurs li\u00e9es aux troubles de nerveux c&rsquo;est <a href=\"https:\/\/www.cfpco.fr\/Workshop?TEACHER=89\" target=\"_blank\" rel=\"noreferrer noopener\">ici<\/a><\/p>\n","protected":false},"excerpt":{"rendered":"<p>&nbsp; La prise en charge des douleurs li\u00e9es aux troubles nerveux fait partie du champ de comp\u00e9tence de la th\u00e9rapie manuelle, ainsi que l\u2019accompagnement et la r\u00e9cup\u00e9ration des neuropathies p\u00e9riph\u00e9riques (ce dernier \u00e9tant plus du domaine de la kin\u00e9sith\u00e9rapie). L\u2019examen neurologique est l\u2019outil essentiel dans cette prise en charge car ses int\u00e9r\u00eats sont multiples. Tout [&hellip;]<\/p>\n","protected":false},"author":2,"featured_media":1118,"comment_status":"open","ping_status":"open","sticky":true,"template":"","format":"standard","meta":[],"categories":[52,82,32,80,81,35],"tags":[],"_links":{"self":[{"href":"https:\/\/blog.cfpco.fr\/index.php\/wp-json\/wp\/v2\/posts\/1117"}],"collection":[{"href":"https:\/\/blog.cfpco.fr\/index.php\/wp-json\/wp\/v2\/posts"}],"about":[{"href":"https:\/\/blog.cfpco.fr\/index.php\/wp-json\/wp\/v2\/types\/post"}],"author":[{"embeddable":true,"href":"https:\/\/blog.cfpco.fr\/index.php\/wp-json\/wp\/v2\/users\/2"}],"replies":[{"embeddable":true,"href":"https:\/\/blog.cfpco.fr\/index.php\/wp-json\/wp\/v2\/comments?post=1117"}],"version-history":[{"count":2,"href":"https:\/\/blog.cfpco.fr\/index.php\/wp-json\/wp\/v2\/posts\/1117\/revisions"}],"predecessor-version":[{"id":1120,"href":"https:\/\/blog.cfpco.fr\/index.php\/wp-json\/wp\/v2\/posts\/1117\/revisions\/1120"}],"wp:featuredmedia":[{"embeddable":true,"href":"https:\/\/blog.cfpco.fr\/index.php\/wp-json\/wp\/v2\/media\/1118"}],"wp:attachment":[{"href":"https:\/\/blog.cfpco.fr\/index.php\/wp-json\/wp\/v2\/media?parent=1117"}],"wp:term":[{"taxonomy":"category","embeddable":true,"href":"https:\/\/blog.cfpco.fr\/index.php\/wp-json\/wp\/v2\/categories?post=1117"},{"taxonomy":"post_tag","embeddable":true,"href":"https:\/\/blog.cfpco.fr\/index.php\/wp-json\/wp\/v2\/tags?post=1117"}],"curies":[{"name":"wp","href":"https:\/\/api.w.org\/{rel}","templated":true}]}}